{"id":1145,"date":"2020-01-14T10:14:14","date_gmt":"2020-01-14T10:14:14","guid":{"rendered":"https:\/\/frugal-flamingo.orangeworlds.com\/?p=1145"},"modified":"2020-01-14T10:14:14","modified_gmt":"2020-01-14T10:14:14","slug":"o-alvalade-cineclube-esta-de-volta","status":"publish","type":"post","link":"https:\/\/alvaladecineclube.pt\/en\/o-alvalade-cineclube-esta-de-volta\/","title":{"rendered":"Estamos de volta! #soquenao"},"content":{"rendered":"<p>Arranca agora a nova programa\u00e7\u00e3o do Alvalade Cineclube!!! Ah, n\u00e3o, espera&#8230;<\/p>\n\n\n\n<p>T\u00ednhamos tudo pronto para come\u00e7ar o ciclo &#8220;Ai Portugal Portugal&#8221;, que ia trazer \u00e0 tela do Centro C\u00edvico Edmundo Pedro seis maravilhosas vis\u00f5es do pa\u00eds que somos. Entretanto, o Korona (\u00e9 assim que o tratamos, como um personagem) decidiu que n\u00e3o quer ficar atr\u00e1s de Steven Seagal ou Jean Claude Van Damme e est\u00e1 a fazer o seu comeback (n\u00e3o somos hipsters, mas \u00e0s vezes d\u00e1 jeito misturar assim termos americanoides). Vai da\u00ed continuamos a ter tudo pronto, mas sala de cinema que \u00e9 bonito, t\u00e1 quieto (mudar tom aqui, demasiado Chico de Alfama?).<\/p>\n\n\n\n<p class=\"has-black-color has-text-color\">Pod\u00edamos colocar aqui frases belas sobre como o Amor ao Cinema se mant\u00e9m, e Vamos Resistir, e Regressaremos mais Fortes, mas era tudo parvo. Para j\u00e1, o Korona manda e projector apagado. Prontos. E est\u00e1 frio.<\/p>","protected":false},"excerpt":{"rendered":"<p>Arranca agora a nova programa\u00e7\u00e3o do Alvalade Cineclube!!! Ah, n\u00e3o, espera&#8230; T\u00ednhamos tudo pronto para come\u00e7ar o ciclo &#8220;Ai Portugal Portugal&#8221;, que ia trazer \u00e0 tela do Centro C\u00edvico Edmundo [&hellip;]<\/p>","protected":false},"author":1,"featured_media":0,"comment_status":"closed","ping_status":"closed","sticky":false,"template":"","format":"standard","meta":{"_bbp_topic_count":0,"_bbp_reply_count":0,"_bbp_total_topic_count":0,"_bbp_total_reply_count":0,"_bbp_voice_count":0,"_bbp_anonymous_reply_count":0,"_bbp_topic_count_hidden":0,"_bbp_reply_count_hidden":0,"_bbp_forum_subforum_count":0,"footnotes":"","_wp_rev_ctl_limit":""},"categories":[2,5],"tags":[9,16],"class_list":["post-1145","post","type-post","status-publish","format-standard","hentry","category-home","category-novidades","tag-covid19","tag-home"],"acf":[],"_links":{"self":[{"href":"https:\/\/alvaladecineclube.pt\/en\/wp-json\/wp\/v2\/posts\/1145","targetHints":{"allow":["GET"]}}],"collection":[{"href":"https:\/\/alvaladecineclube.pt\/en\/wp-json\/wp\/v2\/posts"}],"about":[{"href":"https:\/\/alvaladecineclube.pt\/en\/wp-json\/wp\/v2\/types\/post"}],"author":[{"embeddable":true,"href":"https:\/\/alvaladecineclube.pt\/en\/wp-json\/wp\/v2\/users\/1"}],"replies":[{"embeddable":true,"href":"https:\/\/alvaladecineclube.pt\/en\/wp-json\/wp\/v2\/comments?post=1145"}],"version-history":[{"count":0,"href":"https:\/\/alvaladecineclube.pt\/en\/wp-json\/wp\/v2\/posts\/1145\/revisions"}],"wp:attachment":[{"href":"https:\/\/alvaladecineclube.pt\/en\/wp-json\/wp\/v2\/media?parent=1145"}],"wp:term":[{"taxonomy":"category","embeddable":true,"href":"https:\/\/alvaladecineclube.pt\/en\/wp-json\/wp\/v2\/categories?post=1145"},{"taxonomy":"post_tag","embeddable":true,"href":"https:\/\/alvaladecineclube.pt\/en\/wp-json\/wp\/v2\/tags?post=1145"}],"curies":[{"name":"wp","href":"https:\/\/api.w.org\/{rel}","templated":true}]}}