{"id":1486,"date":"2021-04-13T13:05:06","date_gmt":"2021-04-13T12:05:06","guid":{"rendered":"https:\/\/www.alvaladecineclube.pt\/demo\/?p=1486"},"modified":"2021-04-13T13:05:06","modified_gmt":"2021-04-13T12:05:06","slug":"estamos-de-volta-agorasim-emchamas","status":"publish","type":"post","link":"https:\/\/alvaladecineclube.pt\/en\/estamos-de-volta-agorasim-emchamas\/","title":{"rendered":"Estamos de volta! #agoraSim #emChamas"},"content":{"rendered":"<p><strong>&#8220;Em Chamas&#8221;<\/strong>\u00a0abre a hip\u00f3tese do inc\u00eandio. Depois de uma pandemia que nos confinou a outras realidades, temos vontade de aceitar o fogo dos ecr\u00e3s e despejar gasolina nas associa\u00e7\u00f5es peliculares. De Abril a Junho, mesmo antes do Ver\u00e3o do nosso contentamento se instalar, mostramos filmes com combust\u00f5es reais e imaginadas, piromanias ou s\u00f3 manias, num olhar cinematogr\u00e1fico sobre o que pode incendiar a humanidade. S\u00e3o inc\u00eandios oferecidos \u00e0 tela sem Inverno. Homens e mulheres a arder, lenta e veladamente ou em chamas de fazer corar o mafarrico.O ciclo apresenta filmes de Oliver Laxe, Pablo Larra\u00edn, Terrence Mallick, Fatih Akin, Werner Schroeter e Maria Clara Escobar. A primeira sess\u00e3o acontece com &#8220;O Que Arde&#8221;, do espanhol Oliver Laxe, a 22 de Abril. A premiada longa metragem de um dos nomes mais proeminentes do cinema galego actual segue Amador Coro, um pir\u00f3mano condenado a quem o fogo nunca deixa de ser tenta\u00e7\u00e3o.<\/p>\n\n\n\n<p>At\u00e9 final de Junho destaque ainda para &#8220;Ema&#8221;, de Pablo Larra\u00edn, retrato incendiado do Chile, em combust\u00e3o por&nbsp;reggaeton e cores saturadas, ou para a primeira longa de Terrence Mallick, &#8220;Badlands&#8221;, com Martin Sheen e Sissy Spacek em modo lan\u00e7a-chamas pelo South Dakota. De Fatih Akin os cin\u00e9filos apresentam &#8220;O Bar Luva Dourada&#8221;, hist\u00f3ria repleta de personagens grotescos em combust\u00e3o por \u00e1lcool e que surge como o segundo filme de terror a projectar pelo cineclube.<br><br>No regresso \u00e0 sala do Centro C\u00edvico Edmundo Pedro, em Alvalade, nota ainda para uma sess\u00e3o especial paralela sobre a revolu\u00e7\u00e3o dos cravos. A 26&nbsp;de Abril projecta-se &#8220;Linha Vermelha&#8221;, de Jos\u00e9 Filipe Costa, um regresso a Torre Bela e ao cinema de Thomas Harlan d\u00e9cadas depois do PREC. E sobre isso ainda h\u00e1 novidades antes do Gr\u00e2ndola Vila Morena.<\/p>\n\n\n\n<p>____________________________________________<br><br>SESS\u00c3O ESPECIAL 25 ABRIL<br><br>26&nbsp;ABR &#8211; &#8220;Linha Vermelha&#8221; (Jos\u00e9 Filipe Costa)<br>____________________________________________<br><br>Programa completo ciclo EM CHAMAS:<br><br>22 ABR &#8211; &#8220;O Que Arde&#8221; (Oliver Laxe)<br>06 MAI &#8211; &#8220;Ema&#8221; (Pablo Larra\u00edn)<br>20 MAI &#8211; &#8220;Os Noivos Sangrentos&#8221; (Badlands, Terrence Mallick)<br>03 JUN &#8211; &#8220;Malina&#8221; (Werner Schroeter)<br>17 JUN &#8211; &#8220;O Bar Luva Dourada&#8221; (Fatih Akin)<br>DATA a CONFIRMAR &#8211; &#8220;Desterro&#8221; (Maria Clara Escobar)<\/p>","protected":false},"excerpt":{"rendered":"<p>&#8220;Em Chamas&#8221;\u00a0abre a hip\u00f3tese do inc\u00eandio. Depois de uma pandemia que nos confinou a outras realidades, temos vontade de aceitar o fogo dos ecr\u00e3s e despejar gasolina nas associa\u00e7\u00f5es peliculares. [&hellip;]<\/p>","protected":false},"author":1,"featured_media":0,"comment_status":"closed","ping_status":"closed","sticky":false,"template":"","format":"standard","meta":{"_bbp_topic_count":0,"_bbp_reply_count":0,"_bbp_total_topic_count":0,"_bbp_total_reply_count":0,"_bbp_voice_count":0,"_bbp_anonymous_reply_count":0,"_bbp_topic_count_hidden":0,"_bbp_reply_count_hidden":0,"_bbp_forum_subforum_count":0,"footnotes":"","_wp_rev_ctl_limit":""},"categories":[2,5],"tags":[9,16],"class_list":["post-1486","post","type-post","status-publish","format-standard","hentry","category-home","category-novidades","tag-covid19","tag-home"],"acf":[],"_links":{"self":[{"href":"https:\/\/alvaladecineclube.pt\/en\/wp-json\/wp\/v2\/posts\/1486","targetHints":{"allow":["GET"]}}],"collection":[{"href":"https:\/\/alvaladecineclube.pt\/en\/wp-json\/wp\/v2\/posts"}],"about":[{"href":"https:\/\/alvaladecineclube.pt\/en\/wp-json\/wp\/v2\/types\/post"}],"author":[{"embeddable":true,"href":"https:\/\/alvaladecineclube.pt\/en\/wp-json\/wp\/v2\/users\/1"}],"replies":[{"embeddable":true,"href":"https:\/\/alvaladecineclube.pt\/en\/wp-json\/wp\/v2\/comments?post=1486"}],"version-history":[{"count":0,"href":"https:\/\/alvaladecineclube.pt\/en\/wp-json\/wp\/v2\/posts\/1486\/revisions"}],"wp:attachment":[{"href":"https:\/\/alvaladecineclube.pt\/en\/wp-json\/wp\/v2\/media?parent=1486"}],"wp:term":[{"taxonomy":"category","embeddable":true,"href":"https:\/\/alvaladecineclube.pt\/en\/wp-json\/wp\/v2\/categories?post=1486"},{"taxonomy":"post_tag","embeddable":true,"href":"https:\/\/alvaladecineclube.pt\/en\/wp-json\/wp\/v2\/tags?post=1486"}],"curies":[{"name":"wp","href":"https:\/\/api.w.org\/{rel}","templated":true}]}}