{"id":1963,"date":"2022-01-06T21:00:14","date_gmt":"2022-01-06T21:00:14","guid":{"rendered":"https:\/\/alvaladecineclube.pt\/demo\/?p=1963"},"modified":"2022-01-06T21:08:20","modified_gmt":"2022-01-06T21:08:20","slug":"9-cinefilos-entram-na-lusofona-e","status":"publish","type":"post","link":"https:\/\/alvaladecineclube.pt\/en\/9-cinefilos-entram-na-lusofona-e\/","title":{"rendered":"9 cin\u00e9filos entram na Lus\u00f3fona e&#8230;"},"content":{"rendered":"<p>Sentam-se nas cadeiras da nossa nova casa, a <strong>Sala de Cinema Fernando Lopes<\/strong>! A felicidade \u00e9 isto!<br><br><img fetchpriority=\"high\" decoding=\"async\" width=\"800\" height=\"400\" class=\"wp-image-1852\" style=\"width: 800px;\" src=\"https:\/\/alvaladecineclube.pt\/demo\/wp-content\/uploads\/2022\/01\/IMG_20211216_095039-scaled.jpg\" alt=\"A nova sala do AC\" srcset=\"https:\/\/alvaladecineclube.pt\/demo\/wp-content\/uploads\/2022\/01\/IMG_20211216_095039-scaled.jpg 2560w, https:\/\/alvaladecineclube.pt\/demo\/wp-content\/uploads\/2022\/01\/IMG_20211216_095039-300x150.jpg 300w, https:\/\/alvaladecineclube.pt\/demo\/wp-content\/uploads\/2022\/01\/IMG_20211216_095039-1024x512.jpg 1024w, https:\/\/alvaladecineclube.pt\/demo\/wp-content\/uploads\/2022\/01\/IMG_20211216_095039-768x384.jpg 768w, https:\/\/alvaladecineclube.pt\/demo\/wp-content\/uploads\/2022\/01\/IMG_20211216_095039-1536x768.jpg 1536w, https:\/\/alvaladecineclube.pt\/demo\/wp-content\/uploads\/2022\/01\/IMG_20211216_095039-2048x1024.jpg 2048w, https:\/\/alvaladecineclube.pt\/demo\/wp-content\/uploads\/2022\/01\/IMG_20211216_095039-18x9.jpg 18w\" sizes=\"(max-width: 800px) 100vw, 800px\" \/><\/p>\n\n\n\n<p>A partir deste Janeiro, o Alvalade Cineclube passa a estar baseado na <strong>Sala de Cinema Fernando Lopes<\/strong>, numa parceria com a Lus\u00f3fona Filmes. \u00c9 uma verdadeira sala de cinema, na Universidade Lus\u00f3fona (Campo Grande), perto de metro, de estacionamento, de jardim, de museus, de caf\u00e9s. <br><br>\u00c9 uma sala com hist\u00f3ria (que contaremos em breve) e \u00e9 a nossa nova casa, de todos, e, caramba, \u00e9 do Lopes!<br><br>\u00c9 \u00e0s quintas, na Sala Fernando Lopes, no Campo Grande. Mesmo com aquela geringon\u00e7a obrigat\u00f3ria: m\u00e1scaras, dist\u00e2ncia social, desinfe\u00e7\u00f5es.<br><br>A partir de Janeiro 2022, com bilhetes a 2\u20ac (1\u20ac para s\u00f3cios). S\u00f3cios? Sim, j\u00e1 damos mais informa\u00e7\u00f5es sobre isto, agora estamos a preparar a toilette para a sess\u00e3o de dia 13, que isto de ter casa nova n\u00e3o \u00e9 todos os dias!<\/p>\n\n\n\n<p><\/p>\n\n\n\n<p>Para chegar, n\u00e3o h\u00e1 nada que saber: linha verde at\u00e9 ao Campo Grande e depois entrar na universidade Lus\u00f3fona e seguir as indica\u00e7\u00f5es at\u00e9 \u00e0 sala. Ou, se quiserem trazer o carro, h\u00e1 estacionamento, tanto na avenida como mais \u00e0 frente, debaixo do viaduto. Roulotte de bifanas e churros a\u00ed ou caf\u00e9 e salgadinhos j\u00e1 dentro da universidade (para antes ou depois, como sabeis)<\/p>\n\n\n\n<p><br><\/p>\n\n\n\n<iframe src=\"https:\/\/www.google.com\/maps\/embed?pb=!1m18!1m12!1m3!1d3111.247435479927!2d-9.155310049884578!3d38.758028462653606!2m3!1f0!2f0!3f0!3m2!1i1024!2i768!4f13.1!3m3!1m2!1s0xd1932fc16a21773%3A0xbb910a0db57ce114!2sUniversidade%20Lus%C3%B3fona%20de%20Humanidades%20e%20Tecnologias!5e0!3m2!1spt-PT!2spt!4v1641502732884!5m2!1spt-PT!2spt\" width=\"600\" height=\"450\" style=\"border:0;\" allowfullscreen=\"\" loading=\"lazy\"><\/iframe>\n\n\n\n<p><br>E filmes senhores! Temos filmes! <\/p>\n\n\n\n<p><br><\/p>","protected":false},"excerpt":{"rendered":"<p>A partir deste Janeiro, o Alvalade Cineclube passa a estar baseado na Sala de Cinema Fernando Lopes, numa parceria com a Lus\u00f3fona Filmes.<\/p>","protected":false},"author":1,"featured_media":0,"comment_status":"closed","ping_status":"open","sticky":false,"template":"","format":"standard","meta":{"_bbp_topic_count":0,"_bbp_reply_count":0,"_bbp_total_topic_count":0,"_bbp_total_reply_count":0,"_bbp_voice_count":0,"_bbp_anonymous_reply_count":0,"_bbp_topic_count_hidden":0,"_bbp_reply_count_hidden":0,"_bbp_forum_subforum_count":0,"footnotes":"","_wp_rev_ctl_limit":""},"categories":[2,5],"tags":[7,8,13],"class_list":["post-1963","post","type-post","status-publish","format-standard","hentry","category-home","category-novidades","tag-cicae","tag-cinema-independente","tag-festa"],"acf":[],"_links":{"self":[{"href":"https:\/\/alvaladecineclube.pt\/en\/wp-json\/wp\/v2\/posts\/1963","targetHints":{"allow":["GET"]}}],"collection":[{"href":"https:\/\/alvaladecineclube.pt\/en\/wp-json\/wp\/v2\/posts"}],"about":[{"href":"https:\/\/alvaladecineclube.pt\/en\/wp-json\/wp\/v2\/types\/post"}],"author":[{"embeddable":true,"href":"https:\/\/alvaladecineclube.pt\/en\/wp-json\/wp\/v2\/users\/1"}],"replies":[{"embeddable":true,"href":"https:\/\/alvaladecineclube.pt\/en\/wp-json\/wp\/v2\/comments?post=1963"}],"version-history":[{"count":0,"href":"https:\/\/alvaladecineclube.pt\/en\/wp-json\/wp\/v2\/posts\/1963\/revisions"}],"wp:attachment":[{"href":"https:\/\/alvaladecineclube.pt\/en\/wp-json\/wp\/v2\/media?parent=1963"}],"wp:term":[{"taxonomy":"category","embeddable":true,"href":"https:\/\/alvaladecineclube.pt\/en\/wp-json\/wp\/v2\/categories?post=1963"},{"taxonomy":"post_tag","embeddable":true,"href":"https:\/\/alvaladecineclube.pt\/en\/wp-json\/wp\/v2\/tags?post=1963"}],"curies":[{"name":"wp","href":"https:\/\/api.w.org\/{rel}","templated":true}]}}