{"id":2569,"date":"2022-06-22T09:48:33","date_gmt":"2022-06-22T09:48:33","guid":{"rendered":"https:\/\/alvaladecineclube.pt\/demo\/?p=2569"},"modified":"2022-06-29T11:32:47","modified_gmt":"2022-06-29T11:32:47","slug":"aqui-existia-um-cinema-salao-lisboa-para-despertar-as-mentes","status":"publish","type":"post","link":"https:\/\/alvaladecineclube.pt\/en\/aqui-existia-um-cinema-salao-lisboa-para-despertar-as-mentes\/","title":{"rendered":"Aqui existia um cinema! Sal\u00e3o Lisboa para despertar as mentes"},"content":{"rendered":"<p>J\u00e1 fomos felizes em muitas salas de cinema, e isso n\u00e3o \u00e9 s\u00f3 apalpar a realidade. Em Lisboa fecharam cinemas atr\u00e1s de cinemas, e este Ver\u00e3o \u00e9 o momento de dizer que chega! <\/p>\n\n\n\n<p><a href=\"https:\/\/alvaladecineclube.pt\/en\/demo\/filme-e-ciclos\/salao-lisboa-2\/\">Sal\u00e3o Lisboa<\/a> <\/p>\n\n\n\n<p>\u00e9 uma Mostra de Cinema Portugu\u00eas em espa\u00e7os de mem\u00f3ria. Ao longo de quatro semanas, em Julho, vamos receber toda a cidade em espa\u00e7os que representam a mem\u00f3ria do cinema, da cidade e do pa\u00eds, para juntos vermos cinema portugu\u00eas no verdadeiramente grande ecr\u00e3, ao ar livre.<\/p>\n\n\n\n<p>No jardim junto ao&nbsp;<strong>King Triplex, no Quarteto, no espa\u00e7o exterior junto ao Caleidosc\u00f3pio e no Jardim dos Coruch\u00e9us, a dois passos do ABCine<\/strong>, montamos o ecr\u00e3 e a plateia e projectamos cinema portugu\u00eas.<br><strong><br><\/strong>S\u00e3o projec\u00e7\u00f5es de cinema ao ar livre. 4 dias, 4 filmes, 4 mem\u00f3rias, 1 sess\u00e3o por dia, 4 oportunidades para afirmar o cinema feito por realizadores, hist\u00f3rias, actores e imagens, luzes e espectadores em Portugal.<\/p>\n\n\n\n<p><strong>De 9 a 30 Julho<\/strong>. <a href=\"https:\/\/alvaladecineclube.pt\/en\/demo\/filme-e-ciclos\/salao-lisboa-2\/\">Todos os filmes do ciclo aqui<\/a>.<br><br>Vemo-nos l\u00e1?<\/p>","protected":false},"excerpt":{"rendered":"<p>J\u00e1 fomos felizes em muitas salas de cinema, e isso n\u00e3o \u00e9 s\u00f3 apalpar a realidade. Em Lisboa fecharam cinemas atr\u00e1s de cinemas, e este Ver\u00e3o \u00e9 o momento de [&hellip;]<\/p>","protected":false},"author":1,"featured_media":0,"comment_status":"closed","ping_status":"open","sticky":false,"template":"","format":"standard","meta":{"_bbp_topic_count":0,"_bbp_reply_count":0,"_bbp_total_topic_count":0,"_bbp_total_reply_count":0,"_bbp_voice_count":0,"_bbp_anonymous_reply_count":0,"_bbp_topic_count_hidden":0,"_bbp_reply_count_hidden":0,"_bbp_forum_subforum_count":0,"footnotes":"","_wp_rev_ctl_limit":""},"categories":[2,5],"tags":[],"class_list":["post-2569","post","type-post","status-publish","format-standard","hentry","category-home","category-novidades"],"acf":[],"_links":{"self":[{"href":"https:\/\/alvaladecineclube.pt\/en\/wp-json\/wp\/v2\/posts\/2569","targetHints":{"allow":["GET"]}}],"collection":[{"href":"https:\/\/alvaladecineclube.pt\/en\/wp-json\/wp\/v2\/posts"}],"about":[{"href":"https:\/\/alvaladecineclube.pt\/en\/wp-json\/wp\/v2\/types\/post"}],"author":[{"embeddable":true,"href":"https:\/\/alvaladecineclube.pt\/en\/wp-json\/wp\/v2\/users\/1"}],"replies":[{"embeddable":true,"href":"https:\/\/alvaladecineclube.pt\/en\/wp-json\/wp\/v2\/comments?post=2569"}],"version-history":[{"count":0,"href":"https:\/\/alvaladecineclube.pt\/en\/wp-json\/wp\/v2\/posts\/2569\/revisions"}],"wp:attachment":[{"href":"https:\/\/alvaladecineclube.pt\/en\/wp-json\/wp\/v2\/media?parent=2569"}],"wp:term":[{"taxonomy":"category","embeddable":true,"href":"https:\/\/alvaladecineclube.pt\/en\/wp-json\/wp\/v2\/categories?post=2569"},{"taxonomy":"post_tag","embeddable":true,"href":"https:\/\/alvaladecineclube.pt\/en\/wp-json\/wp\/v2\/tags?post=2569"}],"curies":[{"name":"wp","href":"https:\/\/api.w.org\/{rel}","templated":true}]}}