{"id":2603,"date":"2022-07-28T14:41:20","date_gmt":"2022-07-28T14:41:20","guid":{"rendered":"https:\/\/alvaladecineclube.pt\/demo\/?p=2603"},"modified":"2022-07-28T15:07:12","modified_gmt":"2022-07-28T15:07:12","slug":"cineclubistas-de-boia","status":"publish","type":"post","link":"https:\/\/alvaladecineclube.pt\/en\/cineclubistas-de-boia\/","title":{"rendered":"Estes cineclubistas v\u00e3o a banhos (de ch\u00e1p\u00e9u e b\u00f3ia) em Agosto!"},"content":{"rendered":"<p>Pensavam o qu\u00ea? Que isto \u00e9 s\u00f3 insuflar telas? Na na na. Para uma rentr\u00e9e inspirada e cheia de pica, vamos agora insuflar as nossas b\u00f3ias e bra\u00e7adeiras. <strong>Ou seja, em Agosto vamos estar de molho.  <\/strong><\/p>\n\n\n<div class=\"wp-block-image\">\n<figure class=\"aligncenter size-large is-resized\"><img fetchpriority=\"high\" decoding=\"async\" src=\"https:\/\/i.gifer.com\/2QiT.gif\" alt=\"\" width=\"426\" height=\"308\"\/><figcaption><em>Buster Keaton a fazer um TikTok na Costa da Caparica<\/em><\/figcaption><\/figure>\n<\/div>\n\n\n<p>T\u00eam ainda este s\u00e1bado para assistir \u00e0 \u00faltima sess\u00e3o (e que sess\u00e3o que vai ser fdx!) do <a href=\"https:\/\/alvaladecineclube.pt\/en\/demo\/filme-e-ciclos\/salao-lisboa-2\/\">Sal\u00e3o Lisboa<\/a>.<br>Venham ver <strong><a href=\"https:\/\/alvaladecineclube.pt\/en\/demo\/event\/alcindo\/\">Alcindo <\/a>de Miguel Dores, s\u00e1bado dia 30 de Julho \u00e0s 22h<\/strong>. H\u00e1 convidados, h\u00e1 discuss\u00f5es importantes, h\u00e1 mem\u00f3rias de um King, mas h\u00e1 sobretudo um filme para se ver de olhos bem abertos.<br><br><strong>Tamb\u00e9m h\u00e1 \u00e9 poucas cadeiras, por isso venham cedo!<\/strong> Sigam os updates no nosso <strong><a href=\"https:\/\/www.instagram.com\/alvaladecineclube\/\" target=\"_blank\" rel=\"noopener\">instagr\u00e3o<\/a><\/strong>, a conta mais cool de todos os cineclubes de Alvalade.<br><br>At\u00e9 s\u00e1bado ou at\u00e9 Setembro!<br><br>Abra\u00e7os de ver\u00e3o,<br>Cineclubistas de bairro (j\u00e1 de chinelo no p\u00e9)<\/p>","protected":false},"excerpt":{"rendered":"<p>Pensavam o qu\u00ea? Que isto \u00e9 s\u00f3 insuflar telas? Na na na. Para uma rentr\u00e9e inspirada e cheia de pica, vamos agora insuflar as nossas b\u00f3ias e bra\u00e7adeiras. Ou seja, [&hellip;]<\/p>","protected":false},"author":1,"featured_media":2605,"comment_status":"closed","ping_status":"open","sticky":false,"template":"","format":"standard","meta":{"_bbp_topic_count":0,"_bbp_reply_count":0,"_bbp_total_topic_count":0,"_bbp_total_reply_count":0,"_bbp_voice_count":0,"_bbp_anonymous_reply_count":0,"_bbp_topic_count_hidden":0,"_bbp_reply_count_hidden":0,"_bbp_forum_subforum_count":0,"footnotes":"","_wp_rev_ctl_limit":""},"categories":[2,5],"tags":[],"class_list":["post-2603","post","type-post","status-publish","format-standard","has-post-thumbnail","hentry","category-home","category-novidades"],"acf":[],"_links":{"self":[{"href":"https:\/\/alvaladecineclube.pt\/en\/wp-json\/wp\/v2\/posts\/2603","targetHints":{"allow":["GET"]}}],"collection":[{"href":"https:\/\/alvaladecineclube.pt\/en\/wp-json\/wp\/v2\/posts"}],"about":[{"href":"https:\/\/alvaladecineclube.pt\/en\/wp-json\/wp\/v2\/types\/post"}],"author":[{"embeddable":true,"href":"https:\/\/alvaladecineclube.pt\/en\/wp-json\/wp\/v2\/users\/1"}],"replies":[{"embeddable":true,"href":"https:\/\/alvaladecineclube.pt\/en\/wp-json\/wp\/v2\/comments?post=2603"}],"version-history":[{"count":0,"href":"https:\/\/alvaladecineclube.pt\/en\/wp-json\/wp\/v2\/posts\/2603\/revisions"}],"wp:featuredmedia":[{"embeddable":true,"href":"https:\/\/alvaladecineclube.pt\/en\/wp-json\/wp\/v2\/media\/2605"}],"wp:attachment":[{"href":"https:\/\/alvaladecineclube.pt\/en\/wp-json\/wp\/v2\/media?parent=2603"}],"wp:term":[{"taxonomy":"category","embeddable":true,"href":"https:\/\/alvaladecineclube.pt\/en\/wp-json\/wp\/v2\/categories?post=2603"},{"taxonomy":"post_tag","embeddable":true,"href":"https:\/\/alvaladecineclube.pt\/en\/wp-json\/wp\/v2\/tags?post=2603"}],"curies":[{"name":"wp","href":"https:\/\/api.w.org\/{rel}","templated":true}]}}